{"id":5930,"date":"2019-11-19T11:36:43","date_gmt":"2019-11-19T10:36:43","guid":{"rendered":"http:\/\/www.ripess.eu\/?p=5930"},"modified":"2021-05-20T12:43:45","modified_gmt":"2021-05-20T11:43:45","slug":"la-economia-solidaria-vuelve-a-ensenar-el-corazon","status":"publish","type":"post","link":"https:\/\/dev.eu.ripess.rio20.net\/es\/la-economia-solidaria-vuelve-a-ensenar-el-corazon\/","title":{"rendered":"La Econom\u00eda Solidaria vuelve a ense\u00f1ar el coraz\u00f3n"},"content":{"rendered":"\n<p>Por quinto a\u00f1o consecutivo, la Econom\u00eda Solidaria vuelve a ense\u00f1ar el\n coraz\u00f3n publicando el informe anual de la Campa\u00f1a de Auditor\u00eda y \nBalance Social, una herramienta de rendici\u00f3n de cuentas y medida de \nimpacto social, ambiental y de buen gobierno, que se promueve de las \nempresas de Econom\u00eda Social y Solidaria (integradas a <a href=\"https:\/\/www.reasred.org\/\">REAS RdR<\/a>\n principalmente aunque no s\u00f3lo). Las organizaciones que lo realizan \npueden usar los resultados para mejorar internamente a la vez que se \nobtienen datos agregados de los est\u00e1ndares \u00e9ticos de la Econom\u00eda \nSolidaria y el <a href=\"https:\/\/www.mercadosocial.net\/\">Mercado Social<\/a>.<\/p>\n\n\n\n<p>En este proceso de autoevaluaci\u00f3n, se valora de forma sistem\u00e1tica, objetiva y peri\u00f3dica los <a href=\"https:\/\/www.economiasolidaria.org\/carta-de-principios\">seis principios de la ESS<\/a>:\n pol\u00edtica de lucro, democracia y equidad, sostenibilidad ambiental, \ncooperaci\u00f3n, compromiso con el entorno y calidad el trabajo. Esta \nherramienta est\u00e1 permitiendo, adem\u00e1s, un proceso de confluencia de las \nempresas de Econom\u00eda Solidaria a nivel estatal, por el que desde 2014 se\n vienen armonizando los indicadores de los sistemas de Balance y \nAuditor\u00eda Social desarrollados desde sus distintas territoriales y \nliderado desde su Grupo de Trabajo de Auditor\u00eda Social de REAS RdR. Es a\n partir de este proceso que en 2018 se pas\u00f3 a hacer uso com\u00fan estatal de\n la plataforma tecnol\u00f3gica que <a href=\"http:\/\/xes.cat\/\">XES (Xarxa de Econom\u00eda Solidaria de Catalunya)<\/a>\n hab\u00eda desarrollado en el marco de su proyecto \u201cEnse\u00f1a el Coraz\u00f3n\u201d y que\n desde 2008 ofrec\u00eda a las entidades asociadas o vinculadas a esta red \nuna autoevaluaci\u00f3n de su desempe\u00f1o a partir de variables agrupadas en \ndiversos bloques: funcionamiento econ\u00f3mico, calidad profesional, \ndemocracia, igualdad, calidad laboral, medio ambiente y compromiso \nsocial.<\/p>\n\n\n\n<p>Los datos que presentamos corresponden a un total de 530 entidades \nasociadas y vinculadas a las distintas redes territoriales y sectoriales de REAS RdR que han realizado esta a\u00f1o la campa\u00f1a (un 19% m\u00e1s que el pasado a\u00f1o), lo que engloba a:\n 191 mil personas asociadas -no trabajadoras-, cerca de 22 mil \nvoluntarios que colaboran en el desarrollo de sus proyectos sociales y \ncolectivos, m\u00e1s de 4 mil trescientos que participan en representaci\u00f3n de\n organizaciones, y algo m\u00e1s de 400 patronas de entidades. Si unimos \ntodas esas personas vinculadas a las entidades \u2013no trabajadoras- a los \nempleados \u2013socios o no-, se alcanza una cifra total de 235 mil personas relacionadas con las 530 entidades que respondieron a las preguntas de la Auditor\u00eda Social del a\u00f1o 2019. <\/p>\n\n\n\n<p>Del informe agregado de este proceso de autoevaluaci\u00f3n son rese\u00f1ables los siguientes resultados:<\/p>\n\n\n\n<ul class=\"wp-block-list\"><li>\n\t<strong>Equidad<\/strong>: la diferencia salarial es de 1,5\/1 entre el salario m\u00e1s alto y m\u00e1s bajo de entre todas las personas trabajadoras; un 60% de mujeres en puestos de responsabilidad y un 88% de entidades promueven un lenguaje inclusivo.\n\t<\/li><\/ul>\n\n\n\n<ul class=\"wp-block-list\"><li>\n\t<strong>Trabajo<\/strong>: un 75% mejora los permisos legales de conciliaci\u00f3n, un 64% genera espacios de atenci\u00f3n emocional y cuidado a las personas trabajadoras y el 47% poseen un reglamento interno de gesti\u00f3n de relaciones laborales. \n\t<\/li><li>\n\t<strong>Sostenibilidad ambiental<\/strong>: el 94% aplica criterios de consumo responsable en la adquisici\u00f3n de productos, el 37% son entidades con gesti\u00f3n ambiental y el 46% usan energ\u00eda 100% renovable.\n\t<\/li><li>\n\t<strong>Cooperaci\u00f3n y compromiso con el entorno<\/strong>: 64% operan con finanzas \u00e9ticas, el 7% de sus compras se realizan en el marco del Mercado Social otro un 7% en entidades no lucrativas.\n\t<\/li><li>\n\t<strong>Sin fines lucrativos<\/strong>: 63% de los ingresos procede de facturaci\u00f3n frente a un 28% que proviene de subvenciones. Respecto al reparto de beneficios, el 65% se destina a reservas,compensaci\u00f3n de p\u00e9rdidas o inversiones propias, 10% a iniciativas para la construcci\u00f3n de bienes comunes y un 4% a inversiones de entidades financieras de la ESS.\n\t<\/li><\/ul>\n\n\n\n<p>A partir de estos y otros datos derivados de la Auditor\u00eda \nSocial 2019 Reas red de redes quiere visibilizar y poner en valor la \nactividad de las empresas de la Econom\u00eda social y solidaria en el estado\n espa\u00f1ol, mostrando que existen otros modelos empresariales \nverdaderamente responsables y cuyos objetivos no se centran en la mera \nobtenci\u00f3n del beneficio y el lucro sino que persiguen la transformaci\u00f3n y\n mejora de nuestra sociedad. #EstamosEnlaBrecha<\/p>\n\n\n\n<p>Consulta el<a href=\"https:\/\/www.reasred.org\/sites\/default\/files\/pages_attachments\/INFORME_Auditoria_Social_Estatal_2019_REAS_RdR.pdf\"> informe completo<\/a>.<\/p>\n\n\n\n<p>\u00c9chale un ojo a la <a href=\"https:\/\/www.reasred.org\/sites\/default\/files\/pages_attachments\/INFOGRAFIA_Auditoria_Social_Estatal_2019_REAS_RdR.pdf\">infograf\u00eda general<\/a> y la <a href=\"https:\/\/www.reasred.org\/sites\/default\/files\/pages_attachments\/INFOGRAFIA_EQUIDAD_GENERO_2019.pdf\">infograf\u00eda de g\u00e9nero<\/a>.<\/p>\n\n\n\n<p>Ver tambi\u00e9n el <a href=\"https:\/\/www.eldiario.es\/alternativaseconomicas\/economia-solidaria-ensena-corazon_6_964913521.html\">art\u00edculo<\/a> de Alternativas Econ\u00f3micas y El diario.es<\/p>\n","protected":false},"excerpt":{"rendered":"<p>Por quinto a\u00f1o consecutivo, la Econom\u00eda Solidaria vuelve a ense\u00f1ar el coraz\u00f3n publicando el informe anual de la Campa\u00f1a de Auditor\u00eda y Balance Social, una herramienta de rendici\u00f3n de cuentas [&hellip;]<\/p>\n","protected":false},"author":7021,"featured_media":5931,"comment_status":"closed","ping_status":"closed","sticky":false,"template":"","format":"standard","meta":{"_et_pb_use_builder":"","_et_pb_old_content":"","_et_gb_content_width":"","wds_primary_category":0,"footnotes":""},"categories":[2211],"tags":[1613,1835],"class_list":["post-5930","post","type-post","status-publish","format-standard","has-post-thumbnail","hentry","category-noticias-de-la-red-es","tag-balance-social","tag-nl-1019-es","et-has-post-format-content","et_post_format-et-post-format-standard"],"_links":{"self":[{"href":"https:\/\/dev.eu.ripess.rio20.net\/es\/wp-json\/wp\/v2\/posts\/5930"}],"collection":[{"href":"https:\/\/dev.eu.ripess.rio20.net\/es\/wp-json\/wp\/v2\/posts"}],"about":[{"href":"https:\/\/dev.eu.ripess.rio20.net\/es\/wp-json\/wp\/v2\/types\/post"}],"author":[{"embeddable":true,"href":"https:\/\/dev.eu.ripess.rio20.net\/es\/wp-json\/wp\/v2\/users\/7021"}],"replies":[{"embeddable":true,"href":"https:\/\/dev.eu.ripess.rio20.net\/es\/wp-json\/wp\/v2\/comments?post=5930"}],"version-history":[{"count":0,"href":"https:\/\/dev.eu.ripess.rio20.net\/es\/wp-json\/wp\/v2\/posts\/5930\/revisions"}],"wp:featuredmedia":[{"embeddable":true,"href":"https:\/\/dev.eu.ripess.rio20.net\/es\/wp-json\/wp\/v2\/media\/5931"}],"wp:attachment":[{"href":"https:\/\/dev.eu.ripess.rio20.net\/es\/wp-json\/wp\/v2\/media?parent=5930"}],"wp:term":[{"taxonomy":"category","embeddable":true,"href":"https:\/\/dev.eu.ripess.rio20.net\/es\/wp-json\/wp\/v2\/categories?post=5930"},{"taxonomy":"post_tag","embeddable":true,"href":"https:\/\/dev.eu.ripess.rio20.net\/es\/wp-json\/wp\/v2\/tags?post=5930"}],"curies":[{"name":"wp","href":"https:\/\/api.w.org\/{rel}","templated":true}]}}